{"id":810,"date":"2020-11-15T18:36:11","date_gmt":"2020-11-15T18:36:11","guid":{"rendered":"http:\/\/envidialujuriamusic.com\/?p=810"},"modified":"2021-04-21T15:06:36","modified_gmt":"2021-04-21T15:06:36","slug":"german-obregon-regalame-tu-amor","status":"publish","type":"post","link":"https:\/\/envidialujuriamusic.com\/index.php\/2020\/11\/15\/german-obregon-regalame-tu-amor\/","title":{"rendered":"GERM\u00c1N OBREG\u00d3N <br><i>\u00abReg\u00e1lame tu Amor\u00bb<\/i>"},"content":{"rendered":"\n<figure class=\"wp-block-embed is-type-rich is-provider-spotify wp-block-embed-spotify wp-embed-aspect-9-16 wp-has-aspect-ratio\"><div class=\"wp-block-embed__wrapper\">\n<iframe title=\"Spotify Embed: Reg\u00e1lame Tu Amor\" width=\"300\" height=\"380\" allowtransparency=\"true\" frameborder=\"0\" allow=\"encrypted-media\" src=\"https:\/\/open.spotify.com\/embed\/album\/6jUK9dRwTgWBTH6ZP5fDQJ?si=3bNDuex6Ry2KIw15IPg2Fg\"><\/iframe>\n<\/div><\/figure>\n\n\n\n<p>De ra\u00edces espa\u00f1olas por parte de su padre y ra\u00edces campesinas cubanas por parte de su madre, Germ\u00e1n naci\u00f3 en la antigua provincia de Oriente, hoy d\u00eda provincia de Holgu\u00edn, en la primavera de 1962 en pleno mes de mayo. Su origen campesino lo expresa en sus tonadas y d\u00e9cimas que nos traen el embrujo de la campi\u00f1a cubana.<br>Esta es su segunda producci\u00f3n y esta vez ha variado sensiblemente el estilo hacia la bachata campesina del guajiro cubano. Al escuchar sus canciones, nos damos cuenta del gran contenido de l\u00edrica po\u00e9tica que le da a su m\u00fasica, una obra de gran sensibilidad que redondea con el timbre c\u00e1lido de su voz.<br>El formato musical de esta producci\u00f3n es pr\u00e1cticamente el mismo que el del primer \u00e1lbum: bajo, tres, bong\u00f3, congas, percusi\u00f3n menor, y la guitarra tocada por el propio Germ\u00e1n. Pero esta vez se ha incluido un viol\u00edn de la mano de Ronny Cabarrocas, que da una sonoridad diferente a la obra. Podremos apreciar la calidad de la agrupaci\u00f3n en temas compuestos por el propio Germ\u00e1n como \u201cQue Si Te Am\u00e9\u201d, \u201cYo No Se Lo Que voy a hacer\u201d, \u201cDonde Fue Mi Amor\u201d o el que da t\u00edtulo gen\u00e9rico al \u00e1lbum \u201cReg\u00e1lame Tu Amor\u201d, entre otros.&nbsp;<\/p>\n\n\n\n<p><em>From both Spanish and Cuban roots, this singer-songwriter was born in May 1962 in old province of Oriente, today known as Holg\u00edn.&nbsp; Perhaps it was the fact that he was born in this season that marked him as the poet he grew up to be.<br>His country roots are expressed in his songs, which transmit the spell of the Cuban countryside.&nbsp; This is his second production, and the style has become more a \u201ccountry bachata\u201d of Cuban \u201cguajiro\u201d, varying slightly from the first, \u201cFiesta Campesina\u201d.&nbsp; When we listen to his songs, we become aware of the lyrical poetry that he gives to his music.<br>The musical format on this album is practically the same the same as the first: bass, tres, bongo, congas, minor percussion and the guitar is played by Germ\u00e1n himself.&nbsp; It was the musical producer Luis A. Dom\u00ednguez who suggested including a violin to give a new sound.&nbsp; The violinist chosen was none other than Ronny Cabarrocas \u201cEl Ni\u00f1o Prodigio\u201d (The Prodigal Son), who plays excellently with the other musicians and also in his solos, mambos and \u201cmontunos\u201d, giving a very suggestive mystical touch. This album contains tracks composed by German himself such as,&nbsp;&nbsp;\u201cQue Si Te Am\u00e9\u201d, \u201cYo No Se Lo Que voy a hacer\u201d, \u201cDonde Fue Mi Amor\u201d the title song \u201cReg\u00e1lame Tu Amor\u201d, and more.<\/em><\/p>\n","protected":false},"excerpt":{"rendered":"<p>A70 7073<br \/>\nEAN.8429087070737<\/p>\n","protected":false},"author":1,"featured_media":811,"comment_status":"closed","ping_status":"closed","sticky":false,"template":"","format":"standard","meta":{"_mo_disable_npp":"","om_disable_all_campaigns":false,"_monsterinsights_skip_tracking":false,"_monsterinsights_sitenote_active":false,"_monsterinsights_sitenote_note":"","_monsterinsights_sitenote_category":0,"_uf_show_specific_survey":0,"_uf_disable_surveys":false,"footnotes":""},"categories":[156,4,62,27],"tags":[],"class_list":["post-810","post","type-post","status-publish","format-standard","has-post-thumbnail","hentry","category-campesina","category-col_cubana","category-german-obregon","category-release"],"_links":{"self":[{"href":"https:\/\/envidialujuriamusic.com\/index.php\/wp-json\/wp\/v2\/posts\/810","targetHints":{"allow":["GET"]}}],"collection":[{"href":"https:\/\/envidialujuriamusic.com\/index.php\/wp-json\/wp\/v2\/posts"}],"about":[{"href":"https:\/\/envidialujuriamusic.com\/index.php\/wp-json\/wp\/v2\/types\/post"}],"author":[{"embeddable":true,"href":"https:\/\/envidialujuriamusic.com\/index.php\/wp-json\/wp\/v2\/users\/1"}],"replies":[{"embeddable":true,"href":"https:\/\/envidialujuriamusic.com\/index.php\/wp-json\/wp\/v2\/comments?post=810"}],"version-history":[{"count":8,"href":"https:\/\/envidialujuriamusic.com\/index.php\/wp-json\/wp\/v2\/posts\/810\/revisions"}],"predecessor-version":[{"id":3640,"href":"https:\/\/envidialujuriamusic.com\/index.php\/wp-json\/wp\/v2\/posts\/810\/revisions\/3640"}],"wp:featuredmedia":[{"embeddable":true,"href":"https:\/\/envidialujuriamusic.com\/index.php\/wp-json\/wp\/v2\/media\/811"}],"wp:attachment":[{"href":"https:\/\/envidialujuriamusic.com\/index.php\/wp-json\/wp\/v2\/media?parent=810"}],"wp:term":[{"taxonomy":"category","embeddable":true,"href":"https:\/\/envidialujuriamusic.com\/index.php\/wp-json\/wp\/v2\/categories?post=810"},{"taxonomy":"post_tag","embeddable":true,"href":"https:\/\/envidialujuriamusic.com\/index.php\/wp-json\/wp\/v2\/tags?post=810"}],"curies":[{"name":"wp","href":"https:\/\/api.w.org\/{rel}","templated":true}]}}