{"id":4202,"date":"2022-05-05T17:43:11","date_gmt":"2022-05-05T17:43:11","guid":{"rendered":"https:\/\/envidialujuriamusic.com\/?p=4202"},"modified":"2022-08-08T10:04:20","modified_gmt":"2022-08-08T10:04:20","slug":"new-release-nuevo-lanzamientopedro-pablo-sextet-charangueando-en-jazz","status":"publish","type":"post","link":"https:\/\/envidialujuriamusic.com\/index.php\/2022\/05\/05\/new-release-nuevo-lanzamientopedro-pablo-sextet-charangueando-en-jazz\/","title":{"rendered":"PEDRO PABLO SEXTET<br><i>\u00abCharangueando en Jazz\u00bb<\/i>"},"content":{"rendered":"\n<figure class=\"wp-block-embed is-type-rich is-provider-spotify wp-block-embed-spotify wp-embed-aspect-21-9 wp-has-aspect-ratio\"><div class=\"wp-block-embed__wrapper\">\n<iframe title=\"Spotify Embed: Charangueando en Jazz\" style=\"border-radius: 12px\" width=\"100%\" height=\"380\" frameborder=\"0\" allowfullscreen allow=\"autoplay; clipboard-write; encrypted-media; fullscreen; picture-in-picture\" src=\"https:\/\/open.spotify.com\/embed\/album\/6GMnlK8hwHbUy8t3Pb6R5h?si=zLp217AvQ0GEdgNu9rRQUA&#038;utm_source=oembed\"><\/iframe>\n<\/div><\/figure>\n\n\n\n<p>Pedro Pablo Guti\u00e9rrez es uno de los bajistas m\u00e1s prominente del panorama musical cubano actual. M\u00fasico, que se encuentra entre los fundadores de la Charanga Habanera, donde da sus primeros pasos. Posteriormente, cuando se crea la escisi\u00f3n entre David Calzado y sus m\u00fasicos pasa a formar parte de la Charanga Forever. Pasado un tiempo decide crear su propia orquesta y nace Pedro Pablo y la Rebambaramba hasta que el Buenavista Social Club, le llama para ser su director musical hasta su desaparici\u00f3n. Entonces, decide crear este nuevo proyecto que les presentamos Pedro Pablo Sextet con un repertorio de cuban jazz acompa\u00f1ados por m\u00fasicos de primer\u00edsima l\u00ednea en este g\u00e9nero como J. J. Oliveros, Luis \u201cBet\u00fan\u201d Valiente o Victoriano Patterson.<\/p>\n","protected":false},"excerpt":{"rendered":"<p>A70 7245<br \/>\nEAN.8429087072458<\/p>\n","protected":false},"author":2,"featured_media":4205,"comment_status":"closed","ping_status":"closed","sticky":false,"template":"","format":"standard","meta":{"_mo_disable_npp":"","om_disable_all_campaigns":false,"_monsterinsights_skip_tracking":false,"_monsterinsights_sitenote_active":false,"_monsterinsights_sitenote_note":"","_monsterinsights_sitenote_category":0,"_uf_show_specific_survey":0,"_uf_disable_surveys":false,"footnotes":""},"categories":[10,3,4,135,140,212,27,25],"tags":[],"class_list":["post-4202","post","type-post","status-publish","format-standard","has-post-thumbnail","hentry","category-artista","category-catalogo","category-col_cubana","category-genero","category-cuban-jazz","category-pedro-pablo-sextet","category-release","category-tipo"],"_links":{"self":[{"href":"https:\/\/envidialujuriamusic.com\/index.php\/wp-json\/wp\/v2\/posts\/4202","targetHints":{"allow":["GET"]}}],"collection":[{"href":"https:\/\/envidialujuriamusic.com\/index.php\/wp-json\/wp\/v2\/posts"}],"about":[{"href":"https:\/\/envidialujuriamusic.com\/index.php\/wp-json\/wp\/v2\/types\/post"}],"author":[{"embeddable":true,"href":"https:\/\/envidialujuriamusic.com\/index.php\/wp-json\/wp\/v2\/users\/2"}],"replies":[{"embeddable":true,"href":"https:\/\/envidialujuriamusic.com\/index.php\/wp-json\/wp\/v2\/comments?post=4202"}],"version-history":[{"count":3,"href":"https:\/\/envidialujuriamusic.com\/index.php\/wp-json\/wp\/v2\/posts\/4202\/revisions"}],"predecessor-version":[{"id":4311,"href":"https:\/\/envidialujuriamusic.com\/index.php\/wp-json\/wp\/v2\/posts\/4202\/revisions\/4311"}],"wp:featuredmedia":[{"embeddable":true,"href":"https:\/\/envidialujuriamusic.com\/index.php\/wp-json\/wp\/v2\/media\/4205"}],"wp:attachment":[{"href":"https:\/\/envidialujuriamusic.com\/index.php\/wp-json\/wp\/v2\/media?parent=4202"}],"wp:term":[{"taxonomy":"category","embeddable":true,"href":"https:\/\/envidialujuriamusic.com\/index.php\/wp-json\/wp\/v2\/categories?post=4202"},{"taxonomy":"post_tag","embeddable":true,"href":"https:\/\/envidialujuriamusic.com\/index.php\/wp-json\/wp\/v2\/tags?post=4202"}],"curies":[{"name":"wp","href":"https:\/\/api.w.org\/{rel}","templated":true}]}}