{"id":1083,"date":"2020-12-14T10:43:02","date_gmt":"2020-12-14T10:43:02","guid":{"rendered":"http:\/\/envidialujuriamusic.com\/?p=1083"},"modified":"2021-04-18T13:28:26","modified_gmt":"2021-04-18T13:28:26","slug":"pedro-pablo-y-la-rebambaramba-yo-soy-la-noticia","status":"publish","type":"post","link":"https:\/\/envidialujuriamusic.com\/index.php\/2020\/12\/14\/pedro-pablo-y-la-rebambaramba-yo-soy-la-noticia\/","title":{"rendered":"PEDRO PABLO Y LA REBAMBARAMBA <br><i>\u00abYo Soy La Noticia\u00bb<\/i>"},"content":{"rendered":"\n<figure class=\"wp-block-embed is-type-rich is-provider-spotify wp-block-embed-spotify wp-embed-aspect-9-16 wp-has-aspect-ratio\"><div class=\"wp-block-embed__wrapper\">\n<iframe title=\"Spotify Embed: Yo Soy La Noticia\" width=\"300\" height=\"380\" allowtransparency=\"true\" frameborder=\"0\" allow=\"encrypted-media\" src=\"https:\/\/open.spotify.com\/embed\/album\/43jOTBcFTwQdBwOLD4ULd7?si=XY36BT4SQx6RyfFmp__D4A\"><\/iframe>\n<\/div><\/figure>\n\n\n\n<p>Pedro Pablo Guti\u00e9rrez, ex-bajista y fundador de la Charanga Habanera presenta la segunda producci\u00f3n de su orquesta la Rebambaramba. Con las voces de Michel Maza, Michel P\u00e9rez, Mayito Gavil\u00e1n y la voz rappera de Michelito \u201cEl Vaticano\u201d.<\/p>\n\n\n\n<p><em>Pedro Pablo Gutierrez, ex-bassist and founder of the Charanga Habanera presents the second production of La Rebambaramba, his orchestra. With the voices of Michel Maza, Michel Perez, Mayito Gavil\u00e1n and the rapper voice of Michelito \u201cEl Vaticano\u201d.<\/em><\/p>\n","protected":false},"excerpt":{"rendered":"<p>A70 7174<br \/>\nEAN.8429087071741<\/p>\n","protected":false},"author":1,"featured_media":1084,"comment_status":"closed","ping_status":"closed","sticky":false,"template":"","format":"standard","meta":{"_mo_disable_npp":"","om_disable_all_campaigns":false,"_monsterinsights_skip_tracking":false,"_monsterinsights_sitenote_active":false,"_monsterinsights_sitenote_note":"","_monsterinsights_sitenote_category":0,"_uf_show_specific_survey":0,"_uf_disable_surveys":false,"footnotes":""},"categories":[4,96,27],"tags":[],"class_list":["post-1083","post","type-post","status-publish","format-standard","has-post-thumbnail","hentry","category-col_cubana","category-pedro-pablo-la-rebambaramba","category-release"],"_links":{"self":[{"href":"https:\/\/envidialujuriamusic.com\/index.php\/wp-json\/wp\/v2\/posts\/1083","targetHints":{"allow":["GET"]}}],"collection":[{"href":"https:\/\/envidialujuriamusic.com\/index.php\/wp-json\/wp\/v2\/posts"}],"about":[{"href":"https:\/\/envidialujuriamusic.com\/index.php\/wp-json\/wp\/v2\/types\/post"}],"author":[{"embeddable":true,"href":"https:\/\/envidialujuriamusic.com\/index.php\/wp-json\/wp\/v2\/users\/1"}],"replies":[{"embeddable":true,"href":"https:\/\/envidialujuriamusic.com\/index.php\/wp-json\/wp\/v2\/comments?post=1083"}],"version-history":[{"count":5,"href":"https:\/\/envidialujuriamusic.com\/index.php\/wp-json\/wp\/v2\/posts\/1083\/revisions"}],"predecessor-version":[{"id":3463,"href":"https:\/\/envidialujuriamusic.com\/index.php\/wp-json\/wp\/v2\/posts\/1083\/revisions\/3463"}],"wp:featuredmedia":[{"embeddable":true,"href":"https:\/\/envidialujuriamusic.com\/index.php\/wp-json\/wp\/v2\/media\/1084"}],"wp:attachment":[{"href":"https:\/\/envidialujuriamusic.com\/index.php\/wp-json\/wp\/v2\/media?parent=1083"}],"wp:term":[{"taxonomy":"category","embeddable":true,"href":"https:\/\/envidialujuriamusic.com\/index.php\/wp-json\/wp\/v2\/categories?post=1083"},{"taxonomy":"post_tag","embeddable":true,"href":"https:\/\/envidialujuriamusic.com\/index.php\/wp-json\/wp\/v2\/tags?post=1083"}],"curies":[{"name":"wp","href":"https:\/\/api.w.org\/{rel}","templated":true}]}}